{"id":3307,"date":"2024-09-11T22:13:01","date_gmt":"2024-09-11T20:13:01","guid":{"rendered":"https:\/\/gfc.onl\/stuttgart-vaihingen\/?p=3307"},"modified":"2024-09-11T22:14:35","modified_gmt":"2024-09-11T20:14:35","slug":"sommerfest","status":"publish","type":"post","link":"https:\/\/gfc.onl\/stuttgart-vaihingen\/sommerfest\/","title":{"rendered":"Sommerfest"},"content":{"rendered":"\n<p>Im Juli haben wir bei sonnigem und warmem Wetter unser Sommerfest auf dem Hof gefeiert. Nach einem sch\u00f6nen Gottesdienst gab es ein leckeres Mittagessen mit Gegrilltem und Kaffee und Kuchen. Die Kinder konnten sich auf der tollen Arche-Noah-H\u00fcpfburg austoben und hatten an vielen Spielstationen Freude. Die Erwachsenen konnten mit einem Kaffee von der Kaffee-Ape nette Gespr\u00e4che f\u00fchren. Es war eine sch\u00f6ne Gemeinschaft!<\/p>\n\n\n\n<figure class=\"wp-block-gallery has-nested-images columns-default is-cropped wp-block-gallery-1 is-layout-flex wp-block-gallery-is-layout-flex\">\n<figure class=\"wp-block-image size-large\"><img fetchpriority=\"high\" decoding=\"async\" width=\"1024\" height=\"768\" data-id=\"3313\" src=\"https:\/\/gfc.onl\/stuttgart-vaihingen\/wp-content\/uploads\/sites\/20\/2024\/09\/1000121229-1024x768.jpg\" alt=\"\" class=\"wp-image-3313\" srcset=\"https:\/\/gfc.onl\/stuttgart-vaihingen\/wp-content\/uploads\/sites\/20\/2024\/09\/1000121229-1024x768.jpg 1024w, https:\/\/gfc.onl\/stuttgart-vaihingen\/wp-content\/uploads\/sites\/20\/2024\/09\/1000121229-300x225.jpg 300w, https:\/\/gfc.onl\/stuttgart-vaihingen\/wp-content\/uploads\/sites\/20\/2024\/09\/1000121229-768x576.jpg 768w, https:\/\/gfc.onl\/stuttgart-vaihingen\/wp-content\/uploads\/sites\/20\/2024\/09\/1000121229-50x38.jpg 50w, https:\/\/gfc.onl\/stuttgart-vaihingen\/wp-content\/uploads\/sites\/20\/2024\/09\/1000121229.jpg 1440w\" sizes=\"(max-width: 1024px) 100vw, 1024px\" \/><\/figure>\n\n\n\n<figure class=\"wp-block-image size-large\"><img decoding=\"async\" width=\"1024\" height=\"768\" data-id=\"3312\" src=\"https:\/\/gfc.onl\/stuttgart-vaihingen\/wp-content\/uploads\/sites\/20\/2024\/09\/1000121248-1024x768.jpg\" alt=\"\" class=\"wp-image-3312\" srcset=\"https:\/\/gfc.onl\/stuttgart-vaihingen\/wp-content\/uploads\/sites\/20\/2024\/09\/1000121248-1024x768.jpg 1024w, https:\/\/gfc.onl\/stuttgart-vaihingen\/wp-content\/uploads\/sites\/20\/2024\/09\/1000121248-300x225.jpg 300w, https:\/\/gfc.onl\/stuttgart-vaihingen\/wp-content\/uploads\/sites\/20\/2024\/09\/1000121248-768x576.jpg 768w, https:\/\/gfc.onl\/stuttgart-vaihingen\/wp-content\/uploads\/sites\/20\/2024\/09\/1000121248-50x38.jpg 50w, https:\/\/gfc.onl\/stuttgart-vaihingen\/wp-content\/uploads\/sites\/20\/2024\/09\/1000121248.jpg 1440w\" sizes=\"(max-width: 1024px) 100vw, 1024px\" \/><\/figure>\n\n\n\n<figure class=\"wp-block-image size-large\"><img decoding=\"async\" width=\"766\" height=\"1024\" data-id=\"3311\" src=\"https:\/\/gfc.onl\/stuttgart-vaihingen\/wp-content\/uploads\/sites\/20\/2024\/09\/1000121297-766x1024.jpg\" alt=\"\" class=\"wp-image-3311\" srcset=\"https:\/\/gfc.onl\/stuttgart-vaihingen\/wp-content\/uploads\/sites\/20\/2024\/09\/1000121297-766x1024.jpg 766w, https:\/\/gfc.onl\/stuttgart-vaihingen\/wp-content\/uploads\/sites\/20\/2024\/09\/1000121297-224x300.jpg 224w, https:\/\/gfc.onl\/stuttgart-vaihingen\/wp-content\/uploads\/sites\/20\/2024\/09\/1000121297-768x1027.jpg 768w, https:\/\/gfc.onl\/stuttgart-vaihingen\/wp-content\/uploads\/sites\/20\/2024\/09\/1000121297-50x67.jpg 50w, https:\/\/gfc.onl\/stuttgart-vaihingen\/wp-content\/uploads\/sites\/20\/2024\/09\/1000121297.jpg 808w\" sizes=\"(max-width: 766px) 100vw, 766px\" \/><\/figure>\n\n\n\n<figure class=\"wp-block-image size-large\"><img loading=\"lazy\" decoding=\"async\" width=\"1024\" height=\"768\" data-id=\"3314\" src=\"https:\/\/gfc.onl\/stuttgart-vaihingen\/wp-content\/uploads\/sites\/20\/2024\/09\/1000121240-1024x768.jpg\" alt=\"\" class=\"wp-image-3314\" srcset=\"https:\/\/gfc.onl\/stuttgart-vaihingen\/wp-content\/uploads\/sites\/20\/2024\/09\/1000121240-1024x768.jpg 1024w, https:\/\/gfc.onl\/stuttgart-vaihingen\/wp-content\/uploads\/sites\/20\/2024\/09\/1000121240-300x225.jpg 300w, https:\/\/gfc.onl\/stuttgart-vaihingen\/wp-content\/uploads\/sites\/20\/2024\/09\/1000121240-768x576.jpg 768w, https:\/\/gfc.onl\/stuttgart-vaihingen\/wp-content\/uploads\/sites\/20\/2024\/09\/1000121240-50x38.jpg 50w, https:\/\/gfc.onl\/stuttgart-vaihingen\/wp-content\/uploads\/sites\/20\/2024\/09\/1000121240.jpg 1440w\" sizes=\"(max-width: 1024px) 100vw, 1024px\" \/><\/figure>\n\n\n\n<figure class=\"wp-block-image size-large\"><img loading=\"lazy\" decoding=\"async\" width=\"1024\" height=\"768\" data-id=\"3310\" src=\"https:\/\/gfc.onl\/stuttgart-vaihingen\/wp-content\/uploads\/sites\/20\/2024\/09\/1000121272-1024x768.jpg\" alt=\"\" class=\"wp-image-3310\" srcset=\"https:\/\/gfc.onl\/stuttgart-vaihingen\/wp-content\/uploads\/sites\/20\/2024\/09\/1000121272-1024x768.jpg 1024w, https:\/\/gfc.onl\/stuttgart-vaihingen\/wp-content\/uploads\/sites\/20\/2024\/09\/1000121272-300x225.jpg 300w, https:\/\/gfc.onl\/stuttgart-vaihingen\/wp-content\/uploads\/sites\/20\/2024\/09\/1000121272-768x576.jpg 768w, https:\/\/gfc.onl\/stuttgart-vaihingen\/wp-content\/uploads\/sites\/20\/2024\/09\/1000121272-50x38.jpg 50w, https:\/\/gfc.onl\/stuttgart-vaihingen\/wp-content\/uploads\/sites\/20\/2024\/09\/1000121272.jpg 1440w\" sizes=\"(max-width: 1024px) 100vw, 1024px\" \/><\/figure>\n\n\n\n<figure class=\"wp-block-image size-large\"><img loading=\"lazy\" decoding=\"async\" width=\"1024\" height=\"768\" data-id=\"3308\" src=\"https:\/\/gfc.onl\/stuttgart-vaihingen\/wp-content\/uploads\/sites\/20\/2024\/09\/1000121285-1024x768.jpg\" alt=\"\" class=\"wp-image-3308\" srcset=\"https:\/\/gfc.onl\/stuttgart-vaihingen\/wp-content\/uploads\/sites\/20\/2024\/09\/1000121285-1024x768.jpg 1024w, https:\/\/gfc.onl\/stuttgart-vaihingen\/wp-content\/uploads\/sites\/20\/2024\/09\/1000121285-300x225.jpg 300w, https:\/\/gfc.onl\/stuttgart-vaihingen\/wp-content\/uploads\/sites\/20\/2024\/09\/1000121285-768x576.jpg 768w, https:\/\/gfc.onl\/stuttgart-vaihingen\/wp-content\/uploads\/sites\/20\/2024\/09\/1000121285-50x38.jpg 50w, https:\/\/gfc.onl\/stuttgart-vaihingen\/wp-content\/uploads\/sites\/20\/2024\/09\/1000121285.jpg 1440w\" sizes=\"(max-width: 1024px) 100vw, 1024px\" \/><\/figure>\n<\/figure>\n","protected":false},"excerpt":{"rendered":"<p>Im Juli haben wir bei sonnigem und warmem Wetter unser Sommerfest auf dem Hof gefeiert.<\/p>\n","protected":false},"author":71,"featured_media":3309,"comment_status":"closed","ping_status":"closed","sticky":false,"template":"","format":"standard","meta":{"footnotes":""},"categories":[9,1],"tags":[],"class_list":["post-3307","post","type-post","status-publish","format-standard","has-post-thumbnail","hentry","category-gemeindeleben","category-hauptbeitrag"],"_links":{"self":[{"href":"https:\/\/gfc.onl\/stuttgart-vaihingen\/wp-json\/wp\/v2\/posts\/3307","targetHints":{"allow":["GET"]}}],"collection":[{"href":"https:\/\/gfc.onl\/stuttgart-vaihingen\/wp-json\/wp\/v2\/posts"}],"about":[{"href":"https:\/\/gfc.onl\/stuttgart-vaihingen\/wp-json\/wp\/v2\/types\/post"}],"author":[{"embeddable":true,"href":"https:\/\/gfc.onl\/stuttgart-vaihingen\/wp-json\/wp\/v2\/users\/71"}],"replies":[{"embeddable":true,"href":"https:\/\/gfc.onl\/stuttgart-vaihingen\/wp-json\/wp\/v2\/comments?post=3307"}],"version-history":[{"count":2,"href":"https:\/\/gfc.onl\/stuttgart-vaihingen\/wp-json\/wp\/v2\/posts\/3307\/revisions"}],"predecessor-version":[{"id":3316,"href":"https:\/\/gfc.onl\/stuttgart-vaihingen\/wp-json\/wp\/v2\/posts\/3307\/revisions\/3316"}],"wp:featuredmedia":[{"embeddable":true,"href":"https:\/\/gfc.onl\/stuttgart-vaihingen\/wp-json\/wp\/v2\/media\/3309"}],"wp:attachment":[{"href":"https:\/\/gfc.onl\/stuttgart-vaihingen\/wp-json\/wp\/v2\/media?parent=3307"}],"wp:term":[{"taxonomy":"category","embeddable":true,"href":"https:\/\/gfc.onl\/stuttgart-vaihingen\/wp-json\/wp\/v2\/categories?post=3307"},{"taxonomy":"post_tag","embeddable":true,"href":"https:\/\/gfc.onl\/stuttgart-vaihingen\/wp-json\/wp\/v2\/tags?post=3307"}],"curies":[{"name":"wp","href":"https:\/\/api.w.org\/{rel}","templated":true}]}}