{"id":2022,"date":"2019-10-16T10:10:48","date_gmt":"2019-10-16T08:10:48","guid":{"rendered":"https:\/\/gfc.onl\/kaisersbach-rotenmad\/?p=2022"},"modified":"2021-06-05T10:21:15","modified_gmt":"2021-06-05T08:21:15","slug":"musical-auffuehrung-der-verlorene-sohn","status":"publish","type":"post","link":"https:\/\/gfc.onl\/rotenmad\/musical-auffuehrung-der-verlorene-sohn\/","title":{"rendered":"Musical-Auff\u00fchrung \u201eDer verlorene Sohn\u201c"},"content":{"rendered":"\n<h4 class=\"wp-block-heading\">16.10.2019<\/h4>\n\n\n\n<div class=\"wp-block-image is-style-default\"><figure class=\"alignleft size-large\"><img fetchpriority=\"high\" decoding=\"async\" width=\"1024\" height=\"683\" src=\"https:\/\/gfc.onl\/kaisersbach-rotenmad\/wp-content\/uploads\/sites\/16\/2021\/06\/DSC_0944-1024x683.jpg\" alt=\"\" class=\"wp-image-2012\" srcset=\"https:\/\/gfc.onl\/rotenmad\/wp-content\/uploads\/sites\/16\/2021\/06\/DSC_0944-1024x683.jpg 1024w, https:\/\/gfc.onl\/rotenmad\/wp-content\/uploads\/sites\/16\/2021\/06\/DSC_0944-300x200.jpg 300w, https:\/\/gfc.onl\/rotenmad\/wp-content\/uploads\/sites\/16\/2021\/06\/DSC_0944-768x512.jpg 768w, https:\/\/gfc.onl\/rotenmad\/wp-content\/uploads\/sites\/16\/2021\/06\/DSC_0944-1536x1024.jpg 1536w, https:\/\/gfc.onl\/rotenmad\/wp-content\/uploads\/sites\/16\/2021\/06\/DSC_0944.jpg 1620w\" sizes=\"(max-width: 1024px) 100vw, 1024px\" \/><\/figure><\/div>\n\n\n\n<p>\u201eWow!\u201c, so die Zusammenfassung von Gemeindepastor Torsten Kugler nach der Musical-Auff\u00fchrung \u201eDer verlorene Sohn\u201c am vergangenen Sonntag in Alth\u00fctte.<\/p>\n\n\n\n<p>Doch erst mal zum Anfang: innerhalb der Gemeinde f\u00fcr Christus wurde von den Teenies und jungen Erwachsenen ein Musical gew\u00fcnscht. Die Anf\u00e4nge der Planung reichen fast ein Jahr zur\u00fcck: welches St\u00fcck sollte es werden, ab welchem Alter darf man mitmachen&#8230;?<\/p>\n\n\n\n<p>Nachdem im Fr\u00fchjahr 2019 dies gekl\u00e4rt war, ging es im Juni mit der ersten Probe los und so trafen&nbsp; sich rund 60 motivierte S\u00e4nger, S\u00e4ngerinnen und Musiker-\/innen im Alter zwischen 12 und 29 Jahren. Insgesamt sechs Probetage gingen den Auff\u00fchrungen voraus und die Vorfreude sowie die Spannung auf die Premiere in Murrhardt am Samstag, den 9. November, war riesig.<\/p>\n\n\n\n<p>Nachdem um 17:30 Uhr die T\u00fcren der Festhalle in Murrhardt ge\u00f6ffnet wurden str\u00f6mten die Zuschauer in den Saal und die Jugendlichen konnten ihr K\u00f6nnen und ihre harte Arbeit vor gro\u00dfem Publikum zeigen. Mit Live-Band, Gesang und Schauspiel ging es gut ab auf der B\u00fchne und die 90 Minuten vergingen wie im Flug.<\/p>\n\n\n\n<p>Die Geschichte des verlorenen Sohns aus dem Lukasevangelium ist recht bekannt: der j\u00fcngere Sohn eines wohlhabenden Landbesitzers l\u00e4sst sich vom Vater seinen Erbanteil auszahlen, zieht fort und verprasst sein ganzes Geld.&nbsp;<\/p>\n\n\n\n<p>Bettelarm und reum\u00fctig kehrt er einige Zeit sp\u00e4ter wieder zum Hof des Vaters heim um als Tagel\u00f6hner f\u00fcr ihn zu arbeiten. Doch anders als vom Sohn erwartet ist der Vater \u00fcbergl\u00fccklich, seinen J\u00fcngsten wieder zu haben. Er schenkt ihm neue Kleider, Schuhe, einen Siegelring und l\u00e4sst ein Freudenfest wegen seiner R\u00fcckkehr ausrichten.&nbsp;<\/p>\n\n\n\n<p>Dies bleibt nicht ohne Spannungen, f\u00fchlt sich doch der \u00e4ltere Sohn missachtet: schlie\u00dflich stand er seinem Vater immer treu und tatkr\u00e4ftig zur Seite. Der Vater erwidert darauf, dass er doch ein gutes Leben bei ihm habe, alles was sein sei geh\u00f6re auch ihm und er solle sich \u00fcber die Heimkehr des Bruders freuen, sei er doch \u201etot\u201c gewesen und nun wieder lebendig geworden.<\/p>\n\n\n\n<p>Dieses von Jesus erz\u00e4hlte Gleichnis soll ausdr\u00fccken, wie sehr unser himmlischer Vater sich \u00fcber jeden freut, der zu ihm (zur\u00fcck)findet.<\/p>\n\n\n\n<p>Auch am Sonntag, den 10.November, konnten die insgesamt \u00fcber 70 Mitwirkende (S\u00e4nger, Chorleitung, Band, Technik, B\u00fchnenbild) eine \u00fcbervolle Festhalle in Alth\u00fctte mit ihrer Darbietung begeistern.<\/p>\n\n\n\n<p>Bei anschlie\u00dfendem Imbiss blieb noch gen\u00fcgend Zeit sich \u00fcber das Musical und das Gleichnis aus der Bibel auszutauschen.<\/p>\n\n\n\n<figure class=\"wp-block-gallery columns-2 is-cropped wp-block-gallery-1 is-layout-flex wp-block-gallery-is-layout-flex\"><ul class=\"blocks-gallery-grid\"><li class=\"blocks-gallery-item\"><figure><a href=\"https:\/\/gfc.onl\/kaisersbach-rotenmad\/wp-content\/uploads\/sites\/16\/2021\/06\/DSC_0993-min.jpg\"><img decoding=\"async\" width=\"1024\" height=\"684\" src=\"https:\/\/gfc.onl\/kaisersbach-rotenmad\/wp-content\/uploads\/sites\/16\/2021\/06\/DSC_0993-min-1024x684.jpg\" alt=\"\" data-id=\"2014\" data-full-url=\"https:\/\/gfc.onl\/kaisersbach-rotenmad\/wp-content\/uploads\/sites\/16\/2021\/06\/DSC_0993-min.jpg\" data-link=\"https:\/\/gfc.onl\/kaisersbach-rotenmad\/was-lange-waehrt-wird-endlich-gut\/dsc_0993-min\/\" class=\"wp-image-2014\" srcset=\"https:\/\/gfc.onl\/rotenmad\/wp-content\/uploads\/sites\/16\/2021\/06\/DSC_0993-min-1024x684.jpg 1024w, https:\/\/gfc.onl\/rotenmad\/wp-content\/uploads\/sites\/16\/2021\/06\/DSC_0993-min-300x200.jpg 300w, https:\/\/gfc.onl\/rotenmad\/wp-content\/uploads\/sites\/16\/2021\/06\/DSC_0993-min-768x513.jpg 768w, https:\/\/gfc.onl\/rotenmad\/wp-content\/uploads\/sites\/16\/2021\/06\/DSC_0993-min-1536x1025.jpg 1536w, https:\/\/gfc.onl\/rotenmad\/wp-content\/uploads\/sites\/16\/2021\/06\/DSC_0993-min.jpg 1618w\" sizes=\"(max-width: 1024px) 100vw, 1024px\" \/><\/a><\/figure><\/li><li class=\"blocks-gallery-item\"><figure><a href=\"https:\/\/gfc.onl\/kaisersbach-rotenmad\/wp-content\/uploads\/sites\/16\/2021\/06\/DSC_0983-min.jpg\"><img decoding=\"async\" width=\"1024\" height=\"684\" src=\"https:\/\/gfc.onl\/kaisersbach-rotenmad\/wp-content\/uploads\/sites\/16\/2021\/06\/DSC_0983-min-1024x684.jpg\" alt=\"\" data-id=\"2013\" data-full-url=\"https:\/\/gfc.onl\/kaisersbach-rotenmad\/wp-content\/uploads\/sites\/16\/2021\/06\/DSC_0983-min.jpg\" data-link=\"https:\/\/gfc.onl\/kaisersbach-rotenmad\/was-lange-waehrt-wird-endlich-gut\/dsc_0983-min\/\" class=\"wp-image-2013\" srcset=\"https:\/\/gfc.onl\/rotenmad\/wp-content\/uploads\/sites\/16\/2021\/06\/DSC_0983-min-1024x684.jpg 1024w, https:\/\/gfc.onl\/rotenmad\/wp-content\/uploads\/sites\/16\/2021\/06\/DSC_0983-min-300x200.jpg 300w, https:\/\/gfc.onl\/rotenmad\/wp-content\/uploads\/sites\/16\/2021\/06\/DSC_0983-min-768x513.jpg 768w, https:\/\/gfc.onl\/rotenmad\/wp-content\/uploads\/sites\/16\/2021\/06\/DSC_0983-min-1536x1025.jpg 1536w, https:\/\/gfc.onl\/rotenmad\/wp-content\/uploads\/sites\/16\/2021\/06\/DSC_0983-min.jpg 1618w\" sizes=\"(max-width: 1024px) 100vw, 1024px\" \/><\/a><\/figure><\/li><\/ul><\/figure>\n","protected":false},"excerpt":{"rendered":"<p>16.10.2019 \u201eWow!\u201c, so die Zusammenfassung von Gemeindepastor Torsten Kugler nach der Musical-Auff\u00fchrung \u201eDer verlorene Sohn\u201c am vergangenen Sonntag in Alth\u00fctte. Doch erst mal zum Anfang: innerhalb der Gemeinde f\u00fcr Christus wurde von den Teenies und jungen Erwachsenen ein Musical gew\u00fcnscht. Die Anf\u00e4nge der Planung reichen fast ein Jahr zur\u00fcck: welches St\u00fcck sollte es werden, ab [&hellip;]<\/p>\n","protected":false},"author":42,"featured_media":2012,"comment_status":"closed","ping_status":"closed","sticky":false,"template":"","format":"standard","meta":{"footnotes":""},"categories":[9],"tags":[],"class_list":["post-2022","post","type-post","status-publish","format-standard","has-post-thumbnail","hentry","category-gemeindeleben"],"_links":{"self":[{"href":"https:\/\/gfc.onl\/rotenmad\/wp-json\/wp\/v2\/posts\/2022","targetHints":{"allow":["GET"]}}],"collection":[{"href":"https:\/\/gfc.onl\/rotenmad\/wp-json\/wp\/v2\/posts"}],"about":[{"href":"https:\/\/gfc.onl\/rotenmad\/wp-json\/wp\/v2\/types\/post"}],"author":[{"embeddable":true,"href":"https:\/\/gfc.onl\/rotenmad\/wp-json\/wp\/v2\/users\/42"}],"replies":[{"embeddable":true,"href":"https:\/\/gfc.onl\/rotenmad\/wp-json\/wp\/v2\/comments?post=2022"}],"version-history":[{"count":2,"href":"https:\/\/gfc.onl\/rotenmad\/wp-json\/wp\/v2\/posts\/2022\/revisions"}],"predecessor-version":[{"id":2034,"href":"https:\/\/gfc.onl\/rotenmad\/wp-json\/wp\/v2\/posts\/2022\/revisions\/2034"}],"wp:featuredmedia":[{"embeddable":true,"href":"https:\/\/gfc.onl\/rotenmad\/wp-json\/wp\/v2\/media\/2012"}],"wp:attachment":[{"href":"https:\/\/gfc.onl\/rotenmad\/wp-json\/wp\/v2\/media?parent=2022"}],"wp:term":[{"taxonomy":"category","embeddable":true,"href":"https:\/\/gfc.onl\/rotenmad\/wp-json\/wp\/v2\/categories?post=2022"},{"taxonomy":"post_tag","embeddable":true,"href":"https:\/\/gfc.onl\/rotenmad\/wp-json\/wp\/v2\/tags?post=2022"}],"curies":[{"name":"wp","href":"https:\/\/api.w.org\/{rel}","templated":true}]}}