{"id":2635,"date":"2024-06-10T18:06:59","date_gmt":"2024-06-10T16:06:59","guid":{"rendered":"https:\/\/gfc.onl\/ammerbuch-altingen\/?p=2635"},"modified":"2024-06-10T18:06:59","modified_gmt":"2024-06-10T16:06:59","slug":"nabifo-kickoff","status":"publish","type":"post","link":"https:\/\/gfc.onl\/ammerbuch-altingen\/nabifo-kickoff\/","title":{"rendered":"NaBiFo \u2013 Kickoff"},"content":{"rendered":"\n<p>Heute war das erste NaBiFo \u2013 Treffen: Bei strahlendem Sonnenschein und mit Abenteuerlust sind wir gestartet.<\/p>\n\n\n\n<p>NaBiFo steht f\u00fcr Natur- und Bibelforscher.<\/p>\n\n\n\n<p>Was Feuer f\u00fcr Eigenschaften hat und was Feuer braucht, das war das Thema heute. Jedes mal werden wir uns mit einem Thema aus der Natur besch\u00e4ftigen, das wir mit allen unseren Sinnen erforschen. Wir lernen etwas dar\u00fcber und wir haben Aktivit\u00e4ten dazu. Dabei sollen die Kinder soviel wie m\u00f6glich selbst machen.<\/p>\n\n\n\n<p>Heute, nachdem die Feuerregeln besprochen waren, durften die Kinder selbst Feuer machen.<\/p>\n\n\n\n<p>Anschlie\u00dfend hat jeder sein Stockbrot auf den Stock gewickelt und \u00fcber dem Feuer gebacken. Mit Nutella hat es uns sehr lecker geschmeckt.<\/p>\n\n\n\n<figure class=\"wp-block-gallery has-nested-images columns-default is-cropped wp-block-gallery-1 is-layout-flex wp-block-gallery-is-layout-flex\">\n<figure class=\"wp-block-image size-large\"><img fetchpriority=\"high\" decoding=\"async\" width=\"768\" height=\"1024\" data-id=\"2636\" src=\"https:\/\/gfc.onl\/ammerbuch-altingen\/wp-content\/uploads\/sites\/7\/2024\/06\/46ea80a1-ee4f-40d4-8590-f9059e2d4547-768x1024.jpg\" alt=\"\" class=\"wp-image-2636\" srcset=\"https:\/\/gfc.onl\/ammerbuch-altingen\/wp-content\/uploads\/sites\/7\/2024\/06\/46ea80a1-ee4f-40d4-8590-f9059e2d4547-768x1024.jpg 768w, https:\/\/gfc.onl\/ammerbuch-altingen\/wp-content\/uploads\/sites\/7\/2024\/06\/46ea80a1-ee4f-40d4-8590-f9059e2d4547-225x300.jpg 225w, https:\/\/gfc.onl\/ammerbuch-altingen\/wp-content\/uploads\/sites\/7\/2024\/06\/46ea80a1-ee4f-40d4-8590-f9059e2d4547-50x67.jpg 50w, https:\/\/gfc.onl\/ammerbuch-altingen\/wp-content\/uploads\/sites\/7\/2024\/06\/46ea80a1-ee4f-40d4-8590-f9059e2d4547.jpg 810w\" sizes=\"(max-width: 768px) 100vw, 768px\" \/><\/figure>\n\n\n\n<figure class=\"wp-block-image size-large\"><img decoding=\"async\" width=\"768\" height=\"1024\" data-id=\"2637\" src=\"https:\/\/gfc.onl\/ammerbuch-altingen\/wp-content\/uploads\/sites\/7\/2024\/06\/76affecf-5c3b-42b6-a44d-fc8f5909d606-768x1024.jpg\" alt=\"\" class=\"wp-image-2637\" srcset=\"https:\/\/gfc.onl\/ammerbuch-altingen\/wp-content\/uploads\/sites\/7\/2024\/06\/76affecf-5c3b-42b6-a44d-fc8f5909d606-768x1024.jpg 768w, https:\/\/gfc.onl\/ammerbuch-altingen\/wp-content\/uploads\/sites\/7\/2024\/06\/76affecf-5c3b-42b6-a44d-fc8f5909d606-225x300.jpg 225w, https:\/\/gfc.onl\/ammerbuch-altingen\/wp-content\/uploads\/sites\/7\/2024\/06\/76affecf-5c3b-42b6-a44d-fc8f5909d606-50x67.jpg 50w, https:\/\/gfc.onl\/ammerbuch-altingen\/wp-content\/uploads\/sites\/7\/2024\/06\/76affecf-5c3b-42b6-a44d-fc8f5909d606.jpg 810w\" sizes=\"(max-width: 768px) 100vw, 768px\" \/><\/figure>\n<\/figure>\n\n\n\n<p>Gem\u00fctlich beim Feuer haben wir erfahren wie Gott dem Mose begegnet ist und warum der Dornbusch nicht verbrannte.<\/p>\n\n\n\n<p>Feuer geh\u00f6rt zu allen unseren NaBiFo \u2013 Treffen dazu. Die Kinder, die heute am Start waren, k\u00f6nnen also n\u00e4chstes Mal gleich das Feuer machen, denn wir werden zu einem neuen Thema forschen.<\/p>\n\n\n\n<p>Alle Kinder, Jungs und M\u00e4dchen, zwischen 6 und 12 Jahre, k\u00f6nnen mitmachen.<\/p>\n\n\n\n<p>In der Wiesenstr. 13 in Altingen.<\/p>\n\n\n\n<p>Die NaBiFo \u2013 Treffen finden im Freien statt. Denkt also an entsprechende Kleidung und an eure Wasserflasche.<\/p>\n\n\n\n<p>Wir treffen uns wieder am 21.6. \/ 05.07. \/ 19.07.<\/p>\n\n\n\n<p>Freitags von 16 \u2013 18 Uhr.<\/p>\n\n\n\n<p>Die Mitarbeiter<\/p>\n\n\n\n<p>Micha, Tabi, Jan, Elias, Noah, Mirjam, \u2026..<\/p>\n\n\n\n<p><\/p>\n","protected":false},"excerpt":{"rendered":"<p>Heute war das erste NaBiFo \u2013 Treffen: Bei strahlendem Sonnenschein und mit Abenteuerlust sind wir gestartet.<\/p>\n<p>NaBiFo steht f\u00fcr Natur- und Bibelforscher.<\/p>\n","protected":false},"author":10,"featured_media":2637,"comment_status":"closed","ping_status":"closed","sticky":false,"template":"","format":"standard","meta":{"footnotes":""},"categories":[9,1],"tags":[],"class_list":["post-2635","post","type-post","status-publish","format-standard","has-post-thumbnail","hentry","category-gemeindeleben","category-hauptbeitrag"],"_links":{"self":[{"href":"https:\/\/gfc.onl\/ammerbuch-altingen\/wp-json\/wp\/v2\/posts\/2635","targetHints":{"allow":["GET"]}}],"collection":[{"href":"https:\/\/gfc.onl\/ammerbuch-altingen\/wp-json\/wp\/v2\/posts"}],"about":[{"href":"https:\/\/gfc.onl\/ammerbuch-altingen\/wp-json\/wp\/v2\/types\/post"}],"author":[{"embeddable":true,"href":"https:\/\/gfc.onl\/ammerbuch-altingen\/wp-json\/wp\/v2\/users\/10"}],"replies":[{"embeddable":true,"href":"https:\/\/gfc.onl\/ammerbuch-altingen\/wp-json\/wp\/v2\/comments?post=2635"}],"version-history":[{"count":1,"href":"https:\/\/gfc.onl\/ammerbuch-altingen\/wp-json\/wp\/v2\/posts\/2635\/revisions"}],"predecessor-version":[{"id":2638,"href":"https:\/\/gfc.onl\/ammerbuch-altingen\/wp-json\/wp\/v2\/posts\/2635\/revisions\/2638"}],"wp:featuredmedia":[{"embeddable":true,"href":"https:\/\/gfc.onl\/ammerbuch-altingen\/wp-json\/wp\/v2\/media\/2637"}],"wp:attachment":[{"href":"https:\/\/gfc.onl\/ammerbuch-altingen\/wp-json\/wp\/v2\/media?parent=2635"}],"wp:term":[{"taxonomy":"category","embeddable":true,"href":"https:\/\/gfc.onl\/ammerbuch-altingen\/wp-json\/wp\/v2\/categories?post=2635"},{"taxonomy":"post_tag","embeddable":true,"href":"https:\/\/gfc.onl\/ammerbuch-altingen\/wp-json\/wp\/v2\/tags?post=2635"}],"curies":[{"name":"wp","href":"https:\/\/api.w.org\/{rel}","templated":true}]}}