{"id":2241,"date":"2021-10-31T11:00:00","date_gmt":"2021-10-31T10:00:00","guid":{"rendered":"https:\/\/gfc.onl\/ammerbuch-altingen\/?p=2241"},"modified":"2024-01-15T17:33:16","modified_gmt":"2024-01-15T16:33:16","slug":"wir-bauen-eine-lego-stadt","status":"publish","type":"post","link":"https:\/\/gfc.onl\/ammerbuch-altingen\/wir-bauen-eine-lego-stadt\/","title":{"rendered":"Wir bauen eine Lego-Stadt"},"content":{"rendered":"\n<p>Mit der Idee, Kindern ein kreatives und abwechslungsreiches Freizeitangebot zu unterbreiten und ihnen die gute Nachricht von Jesus Christus weiterzugeben, entschieden wir uns dieses Jahr zum wiederholten Mal in Kooperation mit dem Familienverein Wirbelwind aus Kayh, ein Lego-Bauwochenende anzubieten:&nbsp; F\u00fcr die Kids gigantisch, f\u00fcr die \u00d6ffentlichkeit anziehend und f\u00fcr die Mitarbeiter intensiv!<\/p>\n\n\n\n<p>Als Startschuss in die Herbstferien bauten wir in der Grafenberghalle in Kayh mit Kindern zwischen sieben und zw\u00f6lf Jahren an einer Stadt aus LEGO-Steinen<br>Die Voraussetzungen waren hier ideal: eine riesengro\u00dfe Turnhalle, gut bel\u00fcftet und drau\u00dfen genug Platz, um in den Pausen zu toben.<br>Gebaut wurde Corona konform mit Hygienekonzept abwechselnd in zwei zeitlich und personell getrennten Gruppen.<\/p>\n\n\n\n<p>Entstanden ist eine Fantasie-Metropole, mit allem was dazu geh\u00f6rt. In kleinen Teams wurden entweder einzelne Baus\u00e4tze zusammengesteckt oder es entstanden, mit viel Fantasie, wundersch\u00f6ne Bauwerke und Landschaften, um dann am Ende ein gro\u00dfes Ganzes zu bilden.<br>Die Legosteine, aus denen die Stadt entstand, hatten wir von der Organisation \u201eKinderherzen bewegen\u201c ausgeliehen.<\/p>\n\n\n\n<p>In den Pausen zwischen den Bauphasen bot sich f\u00fcr die Kinder eine gute Gelegenheit, Jesus kennen zu lernen. Das Kidsteam erz\u00e4hlte Bibelgeschichten und sang gemeinsam mit den Kindern Lieder.<br>Fazit: wenn die Kids mit den Steinen eine Stadt bauen, brauchen sie ein tragf\u00e4higes Fundament auf dem das Geb\u00e4ude stehen wird. Und bei Baufehlern hilft meist nur: Fehler beseitigen und dann richtig weiterbauen. So funktioniert es im richtigen Leben und in der Beziehung zu Jesus auch.<\/p>\n\n\n\n<figure class=\"wp-block-gallery has-nested-images columns-default is-cropped wp-block-gallery-1 is-layout-flex wp-block-gallery-is-layout-flex\">\n<figure class=\"wp-block-image size-large\"><img fetchpriority=\"high\" decoding=\"async\" width=\"1024\" height=\"683\" data-id=\"2243\" src=\"https:\/\/gfc.onl\/ammerbuch-altingen\/wp-content\/uploads\/sites\/7\/2021\/11\/DSC_0215-1-1024x683.jpg\" alt=\"\" class=\"wp-image-2243\" srcset=\"https:\/\/gfc.onl\/ammerbuch-altingen\/wp-content\/uploads\/sites\/7\/2021\/11\/DSC_0215-1-1024x683.jpg 1024w, https:\/\/gfc.onl\/ammerbuch-altingen\/wp-content\/uploads\/sites\/7\/2021\/11\/DSC_0215-1-300x200.jpg 300w, https:\/\/gfc.onl\/ammerbuch-altingen\/wp-content\/uploads\/sites\/7\/2021\/11\/DSC_0215-1-768x512.jpg 768w, https:\/\/gfc.onl\/ammerbuch-altingen\/wp-content\/uploads\/sites\/7\/2021\/11\/DSC_0215-1-1536x1024.jpg 1536w, https:\/\/gfc.onl\/ammerbuch-altingen\/wp-content\/uploads\/sites\/7\/2021\/11\/DSC_0215-1-1600x1067.jpg 1600w, https:\/\/gfc.onl\/ammerbuch-altingen\/wp-content\/uploads\/sites\/7\/2021\/11\/DSC_0215-1.jpg 1620w\" sizes=\"(max-width: 1024px) 100vw, 1024px\" \/><\/figure>\n\n\n\n<figure class=\"wp-block-image size-large\"><img decoding=\"async\" width=\"1024\" height=\"683\" data-id=\"2244\" src=\"https:\/\/gfc.onl\/ammerbuch-altingen\/wp-content\/uploads\/sites\/7\/2021\/11\/DSC_0233-1-1024x683.jpg\" alt=\"\" class=\"wp-image-2244\" srcset=\"https:\/\/gfc.onl\/ammerbuch-altingen\/wp-content\/uploads\/sites\/7\/2021\/11\/DSC_0233-1-1024x683.jpg 1024w, https:\/\/gfc.onl\/ammerbuch-altingen\/wp-content\/uploads\/sites\/7\/2021\/11\/DSC_0233-1-300x200.jpg 300w, https:\/\/gfc.onl\/ammerbuch-altingen\/wp-content\/uploads\/sites\/7\/2021\/11\/DSC_0233-1-768x512.jpg 768w, https:\/\/gfc.onl\/ammerbuch-altingen\/wp-content\/uploads\/sites\/7\/2021\/11\/DSC_0233-1-1536x1024.jpg 1536w, https:\/\/gfc.onl\/ammerbuch-altingen\/wp-content\/uploads\/sites\/7\/2021\/11\/DSC_0233-1-1600x1067.jpg 1600w, https:\/\/gfc.onl\/ammerbuch-altingen\/wp-content\/uploads\/sites\/7\/2021\/11\/DSC_0233-1.jpg 1620w\" sizes=\"(max-width: 1024px) 100vw, 1024px\" \/><\/figure>\n\n\n\n<figure class=\"wp-block-image size-large\"><img decoding=\"async\" width=\"1024\" height=\"683\" data-id=\"2245\" src=\"https:\/\/gfc.onl\/ammerbuch-altingen\/wp-content\/uploads\/sites\/7\/2021\/11\/DSC_0234-2-1024x683.jpg\" alt=\"\" class=\"wp-image-2245\" srcset=\"https:\/\/gfc.onl\/ammerbuch-altingen\/wp-content\/uploads\/sites\/7\/2021\/11\/DSC_0234-2-1024x683.jpg 1024w, https:\/\/gfc.onl\/ammerbuch-altingen\/wp-content\/uploads\/sites\/7\/2021\/11\/DSC_0234-2-300x200.jpg 300w, https:\/\/gfc.onl\/ammerbuch-altingen\/wp-content\/uploads\/sites\/7\/2021\/11\/DSC_0234-2-768x512.jpg 768w, https:\/\/gfc.onl\/ammerbuch-altingen\/wp-content\/uploads\/sites\/7\/2021\/11\/DSC_0234-2-1536x1024.jpg 1536w, https:\/\/gfc.onl\/ammerbuch-altingen\/wp-content\/uploads\/sites\/7\/2021\/11\/DSC_0234-2-1600x1067.jpg 1600w, https:\/\/gfc.onl\/ammerbuch-altingen\/wp-content\/uploads\/sites\/7\/2021\/11\/DSC_0234-2.jpg 1620w\" sizes=\"(max-width: 1024px) 100vw, 1024px\" \/><\/figure>\n\n\n\n<figure class=\"wp-block-image size-large\"><img loading=\"lazy\" decoding=\"async\" width=\"683\" height=\"1024\" data-id=\"2324\" src=\"https:\/\/gfc.onl\/ammerbuch-altingen\/wp-content\/uploads\/sites\/7\/2022\/05\/DSC_0248__3_-683x1024.jpg\" alt=\"\" class=\"wp-image-2324\" srcset=\"https:\/\/gfc.onl\/ammerbuch-altingen\/wp-content\/uploads\/sites\/7\/2022\/05\/DSC_0248__3_-683x1024.jpg 683w, https:\/\/gfc.onl\/ammerbuch-altingen\/wp-content\/uploads\/sites\/7\/2022\/05\/DSC_0248__3_-200x300.jpg 200w, https:\/\/gfc.onl\/ammerbuch-altingen\/wp-content\/uploads\/sites\/7\/2022\/05\/DSC_0248__3_.jpg 720w\" sizes=\"(max-width: 683px) 100vw, 683px\" \/><\/figure>\n\n\n\n<figure class=\"wp-block-image size-large\"><img loading=\"lazy\" decoding=\"async\" width=\"1024\" height=\"683\" data-id=\"2247\" src=\"https:\/\/gfc.onl\/ammerbuch-altingen\/wp-content\/uploads\/sites\/7\/2021\/11\/IMG_1715-1024x683.jpg\" alt=\"\" class=\"wp-image-2247\" srcset=\"https:\/\/gfc.onl\/ammerbuch-altingen\/wp-content\/uploads\/sites\/7\/2021\/11\/IMG_1715-1024x683.jpg 1024w, https:\/\/gfc.onl\/ammerbuch-altingen\/wp-content\/uploads\/sites\/7\/2021\/11\/IMG_1715-300x200.jpg 300w, https:\/\/gfc.onl\/ammerbuch-altingen\/wp-content\/uploads\/sites\/7\/2021\/11\/IMG_1715-768x512.jpg 768w, https:\/\/gfc.onl\/ammerbuch-altingen\/wp-content\/uploads\/sites\/7\/2021\/11\/IMG_1715-1536x1024.jpg 1536w, https:\/\/gfc.onl\/ammerbuch-altingen\/wp-content\/uploads\/sites\/7\/2021\/11\/IMG_1715-1600x1067.jpg 1600w, https:\/\/gfc.onl\/ammerbuch-altingen\/wp-content\/uploads\/sites\/7\/2021\/11\/IMG_1715.jpg 1620w\" sizes=\"(max-width: 1024px) 100vw, 1024px\" \/><\/figure>\n\n\n\n<figure class=\"wp-block-image size-large\"><img loading=\"lazy\" decoding=\"async\" width=\"683\" height=\"1024\" data-id=\"2330\" src=\"https:\/\/gfc.onl\/ammerbuch-altingen\/wp-content\/uploads\/sites\/7\/2022\/05\/IMG_1789-1-683x1024.jpg\" alt=\"\" class=\"wp-image-2330\" srcset=\"https:\/\/gfc.onl\/ammerbuch-altingen\/wp-content\/uploads\/sites\/7\/2022\/05\/IMG_1789-1-683x1024.jpg 683w, https:\/\/gfc.onl\/ammerbuch-altingen\/wp-content\/uploads\/sites\/7\/2022\/05\/IMG_1789-1-200x300.jpg 200w, https:\/\/gfc.onl\/ammerbuch-altingen\/wp-content\/uploads\/sites\/7\/2022\/05\/IMG_1789-1.jpg 720w\" sizes=\"(max-width: 683px) 100vw, 683px\" \/><\/figure>\n<figcaption class=\"blocks-gallery-caption\">Bau- und Baumeisterzeiten am Freitag und Samstag<\/figcaption><\/figure>\n\n\n\n<p><\/p>\n\n\n\n<p><\/p>\n\n\n\n<p>Die Belohnung f\u00fcr die zweit\u00e4gige Arbeit folgte am Sonntag: Verwandte, Bekannte und Freunde waren eingeladen, sich die fertige Stadt anzusehen. Beim Familiengottesdienst stellte uns Gemeindepastor Heiko Sawatzky nochmals sehr eindr\u00fccklich vor Augen, wie wichtig es ist, dass wir auch f\u00fcr unser Lebenshaus das richtige Fundament \u2013 Jesus Christus \u2013 w\u00e4hlen!&nbsp; Anschlie\u00dfend richtete unser Ortsvorsteher, gleichzeitig Gemeindeleiter Hermann Horrer ein Gru\u00dfwort an alle Baumeister und ihre Familien und durchtrennte vor dem B\u00fcrgerzentrum das rote Band zur Stadter\u00f6ffnung.<\/p>\n\n\n\n<p>Die Kinder hatten nun Zeit, den Besuchern ihre Stadt vom Fernsehturm mit drehbarer Kuppel, \u00fcber das Fu\u00dfballstadion und den Flughafen bis zum kleinsten Detail in aller Ausf\u00fchrlichkeit zu erl\u00e4utern.<\/p>\n\n\n\n<p>Und so trugen viele bunte Legosteine dazu bei, die frohe Botschaft weiterzugeben, an Jesus zu glauben und ihm nachzufolgen.<\/p>\n\n\n\n<figure class=\"wp-block-gallery has-nested-images columns-default is-cropped wp-block-gallery-2 is-layout-flex wp-block-gallery-is-layout-flex\">\n<figure class=\"wp-block-image size-large\"><img loading=\"lazy\" decoding=\"async\" width=\"1024\" height=\"683\" data-id=\"2250\" src=\"https:\/\/gfc.onl\/ammerbuch-altingen\/wp-content\/uploads\/sites\/7\/2021\/11\/DSC_0219-1-1024x683.jpg\" alt=\"\" class=\"wp-image-2250\" srcset=\"https:\/\/gfc.onl\/ammerbuch-altingen\/wp-content\/uploads\/sites\/7\/2021\/11\/DSC_0219-1-1024x683.jpg 1024w, https:\/\/gfc.onl\/ammerbuch-altingen\/wp-content\/uploads\/sites\/7\/2021\/11\/DSC_0219-1-300x200.jpg 300w, https:\/\/gfc.onl\/ammerbuch-altingen\/wp-content\/uploads\/sites\/7\/2021\/11\/DSC_0219-1-768x512.jpg 768w, https:\/\/gfc.onl\/ammerbuch-altingen\/wp-content\/uploads\/sites\/7\/2021\/11\/DSC_0219-1-1536x1024.jpg 1536w, https:\/\/gfc.onl\/ammerbuch-altingen\/wp-content\/uploads\/sites\/7\/2021\/11\/DSC_0219-1-1600x1067.jpg 1600w, https:\/\/gfc.onl\/ammerbuch-altingen\/wp-content\/uploads\/sites\/7\/2021\/11\/DSC_0219-1.jpg 1620w\" sizes=\"(max-width: 1024px) 100vw, 1024px\" \/><\/figure>\n\n\n\n<figure class=\"wp-block-image size-large\"><img loading=\"lazy\" decoding=\"async\" width=\"683\" height=\"1024\" data-id=\"2251\" src=\"https:\/\/gfc.onl\/ammerbuch-altingen\/wp-content\/uploads\/sites\/7\/2021\/11\/DSC_0252-2-683x1024.jpg\" alt=\"\" class=\"wp-image-2251\" srcset=\"https:\/\/gfc.onl\/ammerbuch-altingen\/wp-content\/uploads\/sites\/7\/2021\/11\/DSC_0252-2-683x1024.jpg 683w, https:\/\/gfc.onl\/ammerbuch-altingen\/wp-content\/uploads\/sites\/7\/2021\/11\/DSC_0252-2-200x300.jpg 200w, https:\/\/gfc.onl\/ammerbuch-altingen\/wp-content\/uploads\/sites\/7\/2021\/11\/DSC_0252-2.jpg 720w\" sizes=\"(max-width: 683px) 100vw, 683px\" \/><\/figure>\n\n\n\n<figure class=\"wp-block-image size-large\"><img loading=\"lazy\" decoding=\"async\" width=\"683\" height=\"1024\" data-id=\"2252\" src=\"https:\/\/gfc.onl\/ammerbuch-altingen\/wp-content\/uploads\/sites\/7\/2021\/11\/DSC_0256-1-683x1024.jpg\" alt=\"\" class=\"wp-image-2252\" srcset=\"https:\/\/gfc.onl\/ammerbuch-altingen\/wp-content\/uploads\/sites\/7\/2021\/11\/DSC_0256-1-683x1024.jpg 683w, https:\/\/gfc.onl\/ammerbuch-altingen\/wp-content\/uploads\/sites\/7\/2021\/11\/DSC_0256-1-200x300.jpg 200w, https:\/\/gfc.onl\/ammerbuch-altingen\/wp-content\/uploads\/sites\/7\/2021\/11\/DSC_0256-1.jpg 720w\" sizes=\"(max-width: 683px) 100vw, 683px\" \/><\/figure>\n\n\n\n<figure class=\"wp-block-image size-large\"><img loading=\"lazy\" decoding=\"async\" width=\"1024\" height=\"683\" data-id=\"2253\" src=\"https:\/\/gfc.onl\/ammerbuch-altingen\/wp-content\/uploads\/sites\/7\/2021\/11\/DSC_0279-1-1024x683.jpg\" alt=\"\" class=\"wp-image-2253\" srcset=\"https:\/\/gfc.onl\/ammerbuch-altingen\/wp-content\/uploads\/sites\/7\/2021\/11\/DSC_0279-1-1024x683.jpg 1024w, https:\/\/gfc.onl\/ammerbuch-altingen\/wp-content\/uploads\/sites\/7\/2021\/11\/DSC_0279-1-300x200.jpg 300w, https:\/\/gfc.onl\/ammerbuch-altingen\/wp-content\/uploads\/sites\/7\/2021\/11\/DSC_0279-1-768x512.jpg 768w, https:\/\/gfc.onl\/ammerbuch-altingen\/wp-content\/uploads\/sites\/7\/2021\/11\/DSC_0279-1-1536x1024.jpg 1536w, https:\/\/gfc.onl\/ammerbuch-altingen\/wp-content\/uploads\/sites\/7\/2021\/11\/DSC_0279-1-1600x1067.jpg 1600w, https:\/\/gfc.onl\/ammerbuch-altingen\/wp-content\/uploads\/sites\/7\/2021\/11\/DSC_0279-1.jpg 1620w\" sizes=\"(max-width: 1024px) 100vw, 1024px\" \/><\/figure>\n\n\n\n<figure class=\"wp-block-image size-large\"><img loading=\"lazy\" decoding=\"async\" width=\"1024\" height=\"683\" data-id=\"2254\" src=\"https:\/\/gfc.onl\/ammerbuch-altingen\/wp-content\/uploads\/sites\/7\/2021\/11\/DSC_0288-1024x683.jpg\" alt=\"\" class=\"wp-image-2254\" srcset=\"https:\/\/gfc.onl\/ammerbuch-altingen\/wp-content\/uploads\/sites\/7\/2021\/11\/DSC_0288-1024x683.jpg 1024w, https:\/\/gfc.onl\/ammerbuch-altingen\/wp-content\/uploads\/sites\/7\/2021\/11\/DSC_0288-300x200.jpg 300w, https:\/\/gfc.onl\/ammerbuch-altingen\/wp-content\/uploads\/sites\/7\/2021\/11\/DSC_0288-768x512.jpg 768w, https:\/\/gfc.onl\/ammerbuch-altingen\/wp-content\/uploads\/sites\/7\/2021\/11\/DSC_0288-1536x1024.jpg 1536w, https:\/\/gfc.onl\/ammerbuch-altingen\/wp-content\/uploads\/sites\/7\/2021\/11\/DSC_0288-1600x1067.jpg 1600w, https:\/\/gfc.onl\/ammerbuch-altingen\/wp-content\/uploads\/sites\/7\/2021\/11\/DSC_0288.jpg 1620w\" sizes=\"(max-width: 1024px) 100vw, 1024px\" \/><\/figure>\n\n\n\n<figure class=\"wp-block-image size-large\"><img loading=\"lazy\" decoding=\"async\" width=\"683\" height=\"1024\" data-id=\"2327\" src=\"https:\/\/gfc.onl\/ammerbuch-altingen\/wp-content\/uploads\/sites\/7\/2022\/05\/DSC_0301__1_-683x1024.jpg\" alt=\"\" class=\"wp-image-2327\" srcset=\"https:\/\/gfc.onl\/ammerbuch-altingen\/wp-content\/uploads\/sites\/7\/2022\/05\/DSC_0301__1_-683x1024.jpg 683w, https:\/\/gfc.onl\/ammerbuch-altingen\/wp-content\/uploads\/sites\/7\/2022\/05\/DSC_0301__1_-200x300.jpg 200w, https:\/\/gfc.onl\/ammerbuch-altingen\/wp-content\/uploads\/sites\/7\/2022\/05\/DSC_0301__1_.jpg 720w\" sizes=\"(max-width: 683px) 100vw, 683px\" \/><\/figure>\n<figcaption class=\"blocks-gallery-caption\">Gottesdienst und Er\u00f6ffnung der Legostadt am Sonntag<\/figcaption><\/figure>\n","protected":false},"excerpt":{"rendered":"<p>Mit der Idee, Kindern ein kreatives und abwechslungsreiches Freizeitangebot zu unterbreiten und ihnen die gute Nachricht von Jesus Christus weiterzugeben, entschieden wir uns dieses Jahr zum wiederholten Mal in Kooperation mit dem Familienverein Wirbelwind aus Kayh, ein Lego-Bauwochenende anzubieten:&nbsp; F\u00fcr die Kids gigantisch, f\u00fcr die \u00d6ffentlichkeit anziehend und f\u00fcr die Mitarbeiter intensiv! Als Startschuss in [&hellip;]<\/p>\n","protected":false},"author":10,"featured_media":2254,"comment_status":"closed","ping_status":"closed","sticky":false,"template":"","format":"standard","meta":{"footnotes":""},"categories":[9],"tags":[],"class_list":["post-2241","post","type-post","status-publish","format-standard","has-post-thumbnail","hentry","category-gemeindeleben"],"_links":{"self":[{"href":"https:\/\/gfc.onl\/ammerbuch-altingen\/wp-json\/wp\/v2\/posts\/2241","targetHints":{"allow":["GET"]}}],"collection":[{"href":"https:\/\/gfc.onl\/ammerbuch-altingen\/wp-json\/wp\/v2\/posts"}],"about":[{"href":"https:\/\/gfc.onl\/ammerbuch-altingen\/wp-json\/wp\/v2\/types\/post"}],"author":[{"embeddable":true,"href":"https:\/\/gfc.onl\/ammerbuch-altingen\/wp-json\/wp\/v2\/users\/10"}],"replies":[{"embeddable":true,"href":"https:\/\/gfc.onl\/ammerbuch-altingen\/wp-json\/wp\/v2\/comments?post=2241"}],"version-history":[{"count":7,"href":"https:\/\/gfc.onl\/ammerbuch-altingen\/wp-json\/wp\/v2\/posts\/2241\/revisions"}],"predecessor-version":[{"id":2331,"href":"https:\/\/gfc.onl\/ammerbuch-altingen\/wp-json\/wp\/v2\/posts\/2241\/revisions\/2331"}],"wp:featuredmedia":[{"embeddable":true,"href":"https:\/\/gfc.onl\/ammerbuch-altingen\/wp-json\/wp\/v2\/media\/2254"}],"wp:attachment":[{"href":"https:\/\/gfc.onl\/ammerbuch-altingen\/wp-json\/wp\/v2\/media?parent=2241"}],"wp:term":[{"taxonomy":"category","embeddable":true,"href":"https:\/\/gfc.onl\/ammerbuch-altingen\/wp-json\/wp\/v2\/categories?post=2241"},{"taxonomy":"post_tag","embeddable":true,"href":"https:\/\/gfc.onl\/ammerbuch-altingen\/wp-json\/wp\/v2\/tags?post=2241"}],"curies":[{"name":"wp","href":"https:\/\/api.w.org\/{rel}","templated":true}]}}