{"id":3340,"date":"2024-05-01T20:16:09","date_gmt":"2024-05-01T18:16:09","guid":{"rendered":"https:\/\/gfc.onl\/albershausen\/?p=3340"},"modified":"2024-07-30T15:07:08","modified_gmt":"2024-07-30T13:07:08","slug":"herzliche-einladung-zum-ersten-gottesdienst-im-gruenen-im-jahr-2024","status":"publish","type":"post","link":"https:\/\/gfc.onl\/albershausen\/herzliche-einladung-zum-ersten-gottesdienst-im-gruenen-im-jahr-2024\/","title":{"rendered":"Herzliche Einladung zum Gottesdienst im Gr\u00fcnen!"},"content":{"rendered":"\n<p>Wir freuen uns, dass wir am 23. Juni 2024 wieder einen Gottesdienst im Gr\u00fcnen am Waldstadion in Albershausen veranstalten k\u00f6nnen und laden ganz herzlich dazu ein! Unser Pastor Tobias Weiler spricht zum Thema &#8222;Fundamental richtig leben! &#8211; Ist Dein Leben gut gegr\u00fcndet?&#8220;. Anschlie\u00dfend laden wir noch zum gemeinsamen Grillen und gem\u00fctlichen Beisammensein ein.<\/p>\n\n\n\n<figure class=\"wp-block-image size-full\"><img fetchpriority=\"high\" decoding=\"async\" width=\"458\" height=\"643\" src=\"https:\/\/gfc.onl\/albershausen\/wp-content\/uploads\/sites\/9\/2024\/06\/Gottesdienst-plus-am-23.-Juni-2024.jpg\" alt=\"\" class=\"wp-image-3345\" srcset=\"https:\/\/gfc.onl\/albershausen\/wp-content\/uploads\/sites\/9\/2024\/06\/Gottesdienst-plus-am-23.-Juni-2024.jpg 458w, https:\/\/gfc.onl\/albershausen\/wp-content\/uploads\/sites\/9\/2024\/06\/Gottesdienst-plus-am-23.-Juni-2024-214x300.jpg 214w, https:\/\/gfc.onl\/albershausen\/wp-content\/uploads\/sites\/9\/2024\/06\/Gottesdienst-plus-am-23.-Juni-2024-50x70.jpg 50w\" sizes=\"(max-width: 458px) 100vw, 458px\" \/><\/figure>\n","protected":false},"excerpt":{"rendered":"<p>Wir freuen uns, dass wir am 23. Juni 2024 wieder einen Gottesdienst im Gr\u00fcnen am Waldstadion in Albershausen veranstalten k\u00f6nnen und laden ganz herzlich dazu ein! Unser Pastor Tobias Weiler spricht zum Thema &#8222;Fundamental richtig leben! &#8211; Ist Dein Leben gut gegr\u00fcndet?&#8220;. Anschlie\u00dfend laden wir noch zum gemeinsamen Grillen und gem\u00fctlichen Beisammensein ein.<\/p>\n","protected":false},"author":17,"featured_media":3347,"comment_status":"closed","ping_status":"closed","sticky":false,"template":"","format":"standard","meta":{"footnotes":""},"categories":[24,1],"tags":[],"class_list":["post-3340","post","type-post","status-publish","format-standard","has-post-thumbnail","hentry","category-angebote","category-hauptbeitrag"],"_links":{"self":[{"href":"https:\/\/gfc.onl\/albershausen\/wp-json\/wp\/v2\/posts\/3340","targetHints":{"allow":["GET"]}}],"collection":[{"href":"https:\/\/gfc.onl\/albershausen\/wp-json\/wp\/v2\/posts"}],"about":[{"href":"https:\/\/gfc.onl\/albershausen\/wp-json\/wp\/v2\/types\/post"}],"author":[{"embeddable":true,"href":"https:\/\/gfc.onl\/albershausen\/wp-json\/wp\/v2\/users\/17"}],"replies":[{"embeddable":true,"href":"https:\/\/gfc.onl\/albershausen\/wp-json\/wp\/v2\/comments?post=3340"}],"version-history":[{"count":2,"href":"https:\/\/gfc.onl\/albershausen\/wp-json\/wp\/v2\/posts\/3340\/revisions"}],"predecessor-version":[{"id":3346,"href":"https:\/\/gfc.onl\/albershausen\/wp-json\/wp\/v2\/posts\/3340\/revisions\/3346"}],"wp:featuredmedia":[{"embeddable":true,"href":"https:\/\/gfc.onl\/albershausen\/wp-json\/wp\/v2\/media\/3347"}],"wp:attachment":[{"href":"https:\/\/gfc.onl\/albershausen\/wp-json\/wp\/v2\/media?parent=3340"}],"wp:term":[{"taxonomy":"category","embeddable":true,"href":"https:\/\/gfc.onl\/albershausen\/wp-json\/wp\/v2\/categories?post=3340"},{"taxonomy":"post_tag","embeddable":true,"href":"https:\/\/gfc.onl\/albershausen\/wp-json\/wp\/v2\/tags?post=3340"}],"curies":[{"name":"wp","href":"https:\/\/api.w.org\/{rel}","templated":true}]}}